{"id":138,"date":"2020-12-27T15:02:42","date_gmt":"2020-12-27T21:02:42","guid":{"rendered":"https:\/\/www.centroser.com\/aventureros\/?p=138"},"modified":"2020-12-27T15:02:45","modified_gmt":"2020-12-27T21:02:45","slug":"los-chakras-el-mapa-de-nuestra-vida","status":"publish","type":"post","link":"https:\/\/www.centroser.com\/aventureros\/los-chakras-el-mapa-de-nuestra-vida\/","title":{"rendered":"Los Chakras, el Mapa de nuestra vida"},"content":{"rendered":"\n<p class=\"has-white-color has-bright-blue-background-color has-text-color has-background\">Los Chakras o Centros Energ\u00e9ticos son parte de nuestro cuerpo de energ\u00eda. Son la conexi\u00f3n de nuestro cuerpo f\u00edsico con el campo de energ\u00eda universal. Tenerlos en buen estado, refleja el equilibrio en el \u00e1mbito mental, f\u00edsico y emocional de nuestra vida.<\/p>\n\n\n\n<p>Me he encontrado un libro que por su lenguaje sencillo, le puede ayudar a cualquier persona, tenga o no conocimientos en este tema. Chakras de Marian de Llaca.<br>\u00abDeseo que este recorrido por los chakras se convierta en una herramienta que apoye tus pr\u00e1cticas cotidianas para que tu camino sea m\u00e1s pleno y disfrutable. Lo m\u00e1s sencillo es empezar, el reto es sostenerlo paso a paso en un nuevo estilo de vida\u00bb. Mari\u00e1n de Llaca Chakras es el resultado de 30 a\u00f1os de investigaci\u00f3n, estudio y pr\u00e1ctica terap\u00e9utica en donde Mari\u00e1n de Llaca sostiene que este conocimiento no es exclusivo de India, sino un saber compartido por las diferentes culturas del mundo. Por eso, cada cap\u00edtulo est\u00e1 aderezado con simbolog\u00eda mexicana prehisp\u00e1nica con la intenci\u00f3n de abrir un camino que permita al lector ampliar la visi\u00f3n que hasta ahora ha tenido sobre el tema. El libro est\u00e1 acompa\u00f1ado de una serie de acciones pr\u00e1cticas llamada disciplina sagrada para apoyar la transformaci\u00f3n en la de vida de las personas. Asimismo, propone el fortalecimiento de la energ\u00eda del ombligo como un chakra fundamental para la salud y el equilibrio del organismo.\u00bb<\/p>\n\n\n\n<p>Este libro lo puedes adquirir en:<br><a rel=\"noreferrer noopener\" href=\"https:\/\/amzn.to\/37RzR0m?fbclid=IwAR1snYH3DFmzopBPKf04SWD-pRGXr48D7nd5Lhe6jJyZo3pnrCCmO9wnnco\" target=\"_blank\">https:\/\/amzn.to\/37RzR0m<\/a><\/p>\n\n\n\n<figure class=\"wp-block-image size-large\"><img loading=\"lazy\" decoding=\"async\" width=\"247\" height=\"383\" src=\"https:\/\/www.centroser.com\/aventureros\/wp-content\/uploads\/2020\/12\/chakras-libro.jpg\" alt=\"\" class=\"wp-image-139\" srcset=\"https:\/\/www.centroser.com\/aventureros\/wp-content\/uploads\/2020\/12\/chakras-libro.jpg 247w, https:\/\/www.centroser.com\/aventureros\/wp-content\/uploads\/2020\/12\/chakras-libro-193x300.jpg 193w\" sizes=\"auto, (max-width: 247px) 85vw, 247px\" \/><figcaption>Chakras \/ Mari\u00e1n de Llaca<\/figcaption><\/figure>\n","protected":false},"excerpt":{"rendered":"<p>Los Chakras o Centros Energ\u00e9ticos son parte de nuestro cuerpo de energ\u00eda. Son la conexi\u00f3n de nuestro cuerpo f\u00edsico con el campo de energ\u00eda universal. Tenerlos en buen estado, refleja el equilibrio en el \u00e1mbito mental, f\u00edsico y emocional de nuestra vida. Me he encontrado un libro que por su lenguaje sencillo, le puede ayudar &hellip; <a href=\"https:\/\/www.centroser.com\/aventureros\/los-chakras-el-mapa-de-nuestra-vida\/\" class=\"more-link\">Continuar leyendo<span class=\"screen-reader-text\"> \u00abLos Chakras, el Mapa de nuestra vida\u00bb<\/span><\/a><\/p>\n","protected":false},"author":1,"featured_media":0,"comment_status":"open","ping_status":"open","sticky":true,"template":"","format":"standard","meta":{"footnotes":""},"categories":[5],"tags":[],"class_list":["post-138","post","type-post","status-publish","format-standard","hentry","category-mi_cuerpo"],"_links":{"self":[{"href":"https:\/\/www.centroser.com\/aventureros\/wp-json\/wp\/v2\/posts\/138","targetHints":{"allow":["GET"]}}],"collection":[{"href":"https:\/\/www.centroser.com\/aventureros\/wp-json\/wp\/v2\/posts"}],"about":[{"href":"https:\/\/www.centroser.com\/aventureros\/wp-json\/wp\/v2\/types\/post"}],"author":[{"embeddable":true,"href":"https:\/\/www.centroser.com\/aventureros\/wp-json\/wp\/v2\/users\/1"}],"replies":[{"embeddable":true,"href":"https:\/\/www.centroser.com\/aventureros\/wp-json\/wp\/v2\/comments?post=138"}],"version-history":[{"count":1,"href":"https:\/\/www.centroser.com\/aventureros\/wp-json\/wp\/v2\/posts\/138\/revisions"}],"predecessor-version":[{"id":140,"href":"https:\/\/www.centroser.com\/aventureros\/wp-json\/wp\/v2\/posts\/138\/revisions\/140"}],"wp:attachment":[{"href":"https:\/\/www.centroser.com\/aventureros\/wp-json\/wp\/v2\/media?parent=138"}],"wp:term":[{"taxonomy":"category","embeddable":true,"href":"https:\/\/www.centroser.com\/aventureros\/wp-json\/wp\/v2\/categories?post=138"},{"taxonomy":"post_tag","embeddable":true,"href":"https:\/\/www.centroser.com\/aventureros\/wp-json\/wp\/v2\/tags?post=138"}],"curies":[{"name":"wp","href":"https:\/\/api.w.org\/{rel}","templated":true}]}}